[{"@context":"https:\/\/schema.org\/","@type":"Article","@id":"https:\/\/www.okdc.cz\/spravny-cas\/#Article","mainEntityOfPage":"https:\/\/www.okdc.cz\/spravny-cas\/","headline":"Spr\u00e1vn\u00fd \u010das","name":"Spr\u00e1vn\u00fd \u010das","description":"Lid\u00e9 se v&nbsp;\u010desk\u00e9 republice st\u011bhuj\u00ed do vlastn\u00edho bytu, \u010di domku v&nbsp;pr\u016fm\u011bru p\u0159ed 30. rokem sv\u00e9ho \u017eivota. Pom\u011brn\u011b vysok\u00e9 \u010d\u00edslo, ale kdy\u017e se nad t\u00edm zamysl\u00edme tak docela dob\u0159e odpov\u00edd\u00e1. V&nbsp;dne\u0161n\u00ed dob\u011b lid\u00e9 nastupuj\u00ed na vysokou \u0161koly nej\u010dast\u011bji a\u017e ve v\u011bku dvaceti a\u017e jednadvaceti. Na vysok\u00e9 \u0161kole str\u00e1v\u00ed obvykle p\u011bt a\u017e \u0161est let, a b\u011bhem toho, bydl\u00ed st\u00e1le se [&hellip;]","datePublished":"2019-10-05","dateModified":"2023-05-15","author":{"@type":"Person","@id":"https:\/\/www.okdc.cz\/author\/#Person","name":"","url":"https:\/\/www.okdc.cz\/author\/","identifier":1,"image":{"@type":"ImageObject","@id":"https:\/\/secure.gravatar.com\/avatar\/d377e0490a87620b11de21ad8824e89a7cfe705f8d1d0508828fda84a9262785?s=96&d=mm&r=g","url":"https:\/\/secure.gravatar.com\/avatar\/d377e0490a87620b11de21ad8824e89a7cfe705f8d1d0508828fda84a9262785?s=96&d=mm&r=g","height":96,"width":96}},"publisher":{"@type":"Organization","name":"okdc.cz","logo":{"@type":"ImageObject","@id":"\/logo.png","url":"\/logo.png","width":600,"height":60}},"image":{"@type":"ImageObject","@id":"https:\/\/www.okdc.cz\/wp-content\/uploads\/img_a357670_w3900_t1572158567.jpg","url":"https:\/\/www.okdc.cz\/wp-content\/uploads\/img_a357670_w3900_t1572158567.jpg","height":0,"width":0},"url":"https:\/\/www.okdc.cz\/spravny-cas\/","about":["Byt a d\u016fm"],"wordCount":428,"articleBody":"Lid\u00e9 se v&nbsp;\u010desk\u00e9 republice st\u011bhuj\u00ed do vlastn\u00edho bytu, \u010di domku v&nbsp;pr\u016fm\u011bru p\u0159ed 30. rokem sv\u00e9ho \u017eivota. Pom\u011brn\u011b vysok\u00e9 \u010d\u00edslo, ale kdy\u017e se nad t\u00edm zamysl\u00edme tak docela dob\u0159e odpov\u00edd\u00e1. V&nbsp;dne\u0161n\u00ed dob\u011b lid\u00e9 nastupuj\u00ed na vysokou \u0161koly nej\u010dast\u011bji a\u017e ve v\u011bku dvaceti a\u017e jednadvaceti. Na vysok\u00e9 \u0161kole str\u00e1v\u00ed obvykle p\u011bt a\u017e \u0161est let, a b\u011bhem toho, bydl\u00ed st\u00e1le se sv\u00fdmi rodi\u010di, kte\u0159\u00ed maj\u00ed tu povinnost n\u00e1s b\u011bhem studia \u017eivit. Po vysok\u00e9 \u0161kole, m\u00e1 st\u00e1vaj\u00ed generace ve zvyku pozn\u00e1vat sama sebe pr\u00e1v\u011b hned po sv\u00e9m studiu. A to nej\u010dast\u011bji ve form\u011b cestov\u00e1n\u00ed po cel\u00e9m sv\u011bt\u011b. To jim nej\u010dast\u011bji umo\u017e\u0148uje program Erasmus. Pozn\u00e1n\u00ed ciz\u00ed kultury b\u011bhem sv\u00e9ho studia je v&nbsp;dne\u0161n\u00ed dob\u011b zkr\u00e1tka \u017eivotn\u00ed standart. Tak se k&nbsp;odst\u011bhov\u00e1n\u00ed od sv\u00fdch miluj\u00edc\u00edch rodi\u010d\u016f dost\u00e1vaj\u00ed pr\u00e1v\u011b p\u0159ed 30. rokem sv\u00e9ho \u017eivota.Po\u0159\u00eddit si vlastn\u00ed byt bez p\u016fj\u010dky, nen\u00ed pro \u010derstv\u011b vystudovan\u00e9 zrovna lehk\u00e9, a tak se jich v\u011bt\u0161ina uchyluje do podn\u00e1jm\u016f a to bu\u010f sami, nebo se sv\u00fdmi p\u0159\u00e1teli z&nbsp;vysok\u00e9 \u0161koly. Zde zji\u0161\u0165uj\u00ed, \u017ee \u017eivot dosp\u011bl\u00fdch nen\u00ed vlastn\u011b, tak lehk\u00fd, jak si ho pl\u00e1novaly. Za\u0159\u00edzen\u00ed \u00fapln\u011b pr\u00e1zdn\u00e9ho bytu, nen\u00ed levn\u00e1 z\u00e1le\u017eitost, a tak prvn\u00ed roky doch\u00e1z\u00ed k&nbsp;za\u0159izov\u00e1n\u00ed a zvelebov\u00e1n\u00ed jejich p\u0159\u00edbytku. S&nbsp;\u010dasem ale dojde k&nbsp;r\u016fstu a zakl\u00e1daj\u00ed \u010dasto sv\u00e9 vlastn\u00ed rodiny. Zde nar\u00e1\u017e\u00ed na dal\u0161\u00ed probl\u00e9m. Spojen\u00ed dvou dom\u00e1cnost\u00ed, nen\u00ed v\u016fbec nic lehk\u00e9ho. A st\u011bhuj\u00ed se \u010dasem do v\u011bt\u0161\u00edch dom\u016f, kde zakl\u00e1daj\u00ed sv\u00e9 vlastn\u00ed rodiny a cel\u00fd kolob\u011bh se spou\u0161t\u00ed \u00fapln\u011b od znova. Jsou zde ale p\u0159\u00edpady, kdy lid\u00e9 za\u010d\u00ednaj\u00ed svoji samostatnost mnohem d\u0159\u00edve a to u\u017e se samotn\u00fdm p\u0159\u00edchodem na vysokou \u0161kolu, kde se st\u011bhuj\u00ed na r\u016fzn\u00e9 byty, kv\u016fli nesmysln\u00e9mu doj\u00ed\u017ed\u011bn\u00ed.To se ale samoz\u0159ejm\u011b neobejde bez finan\u010dn\u00ed podpory rodi\u010d\u016f. Bydlen\u00ed je pro n\u00e1s neodlu\u010ditelnou sou\u010d\u00e1st\u00ed, kter\u00e1 hraje hlavn\u00ed roli v&nbsp;na\u0161ich \u017eivotech a v\u00fdrazn\u011b ovliv\u0148uje, to k\u00fdm jsme. Proto bychom m\u011bli m\u00edt hodn\u011b trp\u011blivosti, a\u017e dojde na opou\u0161t\u011bn\u00ed na\u0161eho hn\u00edzda na\u0161imi potomky.                                                                                                                                                                                                                                                                                                                                                                                        4.1\/5 - (8 votes)        "},{"@context":"https:\/\/schema.org\/","@type":"BreadcrumbList","itemListElement":[{"@type":"ListItem","position":1,"name":"Spr\u00e1vn\u00fd \u010das","item":"https:\/\/www.okdc.cz\/spravny-cas\/#breadcrumbitem"}]}]